{"id":2633,"date":"2025-01-13T10:11:44","date_gmt":"2025-01-13T09:11:44","guid":{"rendered":"https:\/\/fundaciolar.com\/?p=2633"},"modified":"2025-01-13T10:12:49","modified_gmt":"2025-01-13T09:12:49","slug":"coleccion-de-actividades-del-grupo-de-caminatas-con-la-persona-voluntaria","status":"publish","type":"post","link":"https:\/\/fundaciolar.com\/es\/coleccion-de-actividades-del-grupo-de-caminatas-con-la-persona-voluntaria\/","title":{"rendered":"Colecci\u00f3n de actividades del grupo de caminatas con la persona voluntaria"},"content":{"rendered":"<div  class='flex_column av-av_one_full-c68a83b15b0e343459e287303c8793d5 av_one_full  avia-builder-el-0  avia-builder-el-no-sibling  first flex_column_div  '     ><p>\n<style type=\"text\/css\" data-created_by=\"avia_inline_auto\" id=\"style-css-av-m5utmrg1-b176da733263ec80a69ff40b33b90629\">\n#top .av-special-heading.av-m5utmrg1-b176da733263ec80a69ff40b33b90629{\npadding-bottom:10px;\n}\nbody .av-special-heading.av-m5utmrg1-b176da733263ec80a69ff40b33b90629 .av-special-heading-tag .heading-char{\nfont-size:25px;\n}\n.av-special-heading.av-m5utmrg1-b176da733263ec80a69ff40b33b90629 .av-subheading{\nfont-size:15px;\n}\n<\/style>\n<div  class='av-special-heading av-m5utmrg1-b176da733263ec80a69ff40b33b90629 av-special-heading-h1 blockquote elegant-quote elegant-centered  avia-builder-el-1  el_before_av_image  avia-builder-el-first '><h1 class='av-special-heading-tag'  itemprop=\"headline\"  ><span class=\"heading-wrap\">Colecci\u00f3n de actividades del grupo de caminatas con la persona voluntaria<\/span><\/h1><div class=\"special-heading-border\"><div class=\"special-heading-inner-border\"><\/div><\/div><\/div><br \/>\n\n<style type=\"text\/css\" data-created_by=\"avia_inline_auto\" id=\"style-css-av-m5utpn0w-fb71eeacf35d18866a92be5cc2156b8e\">\n.avia-image-container.av-m5utpn0w-fb71eeacf35d18866a92be5cc2156b8e img.avia_image{\nbox-shadow:none;\n}\n.avia-image-container.av-m5utpn0w-fb71eeacf35d18866a92be5cc2156b8e .av-image-caption-overlay-center{\ncolor:#ffffff;\n}\n<\/style>\n<div  class='avia-image-container av-m5utpn0w-fb71eeacf35d18866a92be5cc2156b8e av-styling- avia-align-center  avia-builder-el-2  el_after_av_heading  el_before_av_textblock '   itemprop=\"image\" itemscope=\"itemscope\" itemtype=\"https:\/\/schema.org\/ImageObject\" ><div class=\"avia-image-container-inner\"><div class=\"avia-image-overlay-wrap\"><img decoding=\"async\" fetchpriority=\"high\" class='wp-image-2629 avia-img-lazy-loading-not-2629 avia_image ' src=\"https:\/\/fundaciolar.com\/wp-content\/uploads\/2025\/01\/Imagen1-298x300.png\" alt='' title='Imagen1'  height=\"300\" width=\"298\"  itemprop=\"thumbnailUrl\" srcset=\"https:\/\/fundaciolar.com\/wp-content\/uploads\/2025\/01\/Imagen1-298x300.png 298w, https:\/\/fundaciolar.com\/wp-content\/uploads\/2025\/01\/Imagen1-80x80.png 80w, https:\/\/fundaciolar.com\/wp-content\/uploads\/2025\/01\/Imagen1-36x36.png 36w, https:\/\/fundaciolar.com\/wp-content\/uploads\/2025\/01\/Imagen1-180x180.png 180w, https:\/\/fundaciolar.com\/wp-content\/uploads\/2025\/01\/Imagen1.png 565w\" sizes=\"(max-width: 298px) 100vw, 298px\" \/><\/div><\/div><\/div><br \/>\n<section  class='av_textblock_section av-m5utqvrs-5e621325ec5de353ef247a2f3c7a6b6f '   itemscope=\"itemscope\" itemtype=\"https:\/\/schema.org\/BlogPosting\" itemprop=\"blogPost\" ><div class='avia_textblock'  itemprop=\"text\" ><div style=\"text-align: justify;\">\n<p>Durante casi dos a\u00f1os en Manel ha estado colaborando con la entidad como voluntaria para el Programa Walk. Se trata de una actividad grupal dirigida a personas atendidas en los Servicios de Vivienda para realizar paseos y rutas verdes por diferentes zonas de Granollers y municipios cercanos. Los principales objetivos son la adquisici\u00f3n del h\u00e1bito saludable de caminar, fomentar la interacci\u00f3n social y, al mismo tiempo, tambi\u00e9n brinda la oportunidad de conocer el entorno cercano y otros pueblos del condado.<\/p>\n<p>En los \u00faltimos meses, otras personas en el Servicio tambi\u00e9n han mostrado su inter\u00e9s en participar en esta actividad, alentados por lo que explicaron sus colegas. Por esta raz\u00f3n, se ha creado un segundo grupo de Caminatas que comenz\u00f3 el pasado mes de diciembre con una muy buena acogida por parte de los miembros, y que esperamos tengan continuidad a lo largo de 2025.<\/p>\n<p>Desde la entidad, valoramos esta actividad muy positivamente y la continuidad que est\u00e1 teniendo y queremos agradecer p\u00fablicamente a Manel su dedicaci\u00f3n y tiempo para que las personas atendidas disfruten una tarde a la semana haciendo salud en compa\u00f1\u00eda. \u00a1Muchas gracias Manel!<\/p>\n<p>Aprovechamos esta oportunidad para animar a todos a participar en los diferentes programas de voluntariado que tenemos activos, y que encontrar\u00e1s en la secci\u00f3n de Llamadas del Punto de Voluntariado de Granollers www.voluntariat.granollers.cat<\/p>\n<p><a href=\"http:\/\/www.voluntariat.granollers.cat\">www.voluntariat.granollers.cat<\/a><\/p>\n<\/div>\n<\/div><\/section><\/p><\/div>\n","protected":false},"excerpt":{"rendered":"","protected":false},"author":1,"featured_media":2674,"comment_status":"closed","ping_status":"closed","sticky":false,"template":"","format":"standard","meta":{"footnotes":""},"categories":[1],"tags":[],"class_list":["post-2633","post","type-post","status-publish","format-standard","has-post-thumbnail","hentry","category-noticias"],"yoast_head":"<!-- This site is optimized with the Yoast SEO plugin v27.0 - https:\/\/yoast.com\/product\/yoast-seo-wordpress\/ -->\n<title>Colecci\u00f3n de actividades del grupo de caminatas con la persona voluntaria - Fundaci\u00f3 LAR<\/title>\n<meta name=\"robots\" content=\"index, follow, max-snippet:-1, max-image-preview:large, max-video-preview:-1\" \/>\n<link rel=\"canonical\" href=\"https:\/\/fundaciolar.com\/es\/coleccion-de-actividades-del-grupo-de-caminatas-con-la-persona-voluntaria\/\" \/>\n<meta property=\"og:locale\" content=\"es_ES\" \/>\n<meta property=\"og:type\" content=\"article\" \/>\n<meta property=\"og:title\" content=\"Colecci\u00f3n de actividades del grupo de caminatas con la persona voluntaria - Fundaci\u00f3 LAR\" \/>\n<meta property=\"og:url\" content=\"https:\/\/fundaciolar.com\/es\/coleccion-de-actividades-del-grupo-de-caminatas-con-la-persona-voluntaria\/\" \/>\n<meta property=\"og:site_name\" content=\"Fundaci\u00f3 LAR\" \/>\n<meta property=\"article:published_time\" content=\"2025-01-13T09:11:44+00:00\" \/>\n<meta property=\"article:modified_time\" content=\"2025-01-13T09:12:49+00:00\" \/>\n<meta name=\"author\" content=\"ngloba\" \/>\n<meta name=\"twitter:card\" content=\"summary_large_image\" \/>\n<meta name=\"twitter:label1\" content=\"Escrito por\" \/>\n\t<meta name=\"twitter:data1\" content=\"ngloba\" \/>\n\t<meta name=\"twitter:label2\" content=\"Tiempo de lectura\" \/>\n\t<meta name=\"twitter:data2\" content=\"2 minutos\" \/>\n<script type=\"application\/ld+json\" class=\"yoast-schema-graph\">{\"@context\":\"https:\/\/schema.org\",\"@graph\":[{\"@type\":\"Article\",\"@id\":\"https:\/\/fundaciolar.com\/es\/coleccion-de-actividades-del-grupo-de-caminatas-con-la-persona-voluntaria\/#article\",\"isPartOf\":{\"@id\":\"https:\/\/fundaciolar.com\/es\/coleccion-de-actividades-del-grupo-de-caminatas-con-la-persona-voluntaria\/\"},\"author\":{\"name\":\"ngloba\",\"@id\":\"https:\/\/fundaciolar.com\/es\/#\/schema\/person\/39eecc69d6c6f5565ed47ae33f59b1e2\"},\"headline\":\"Colecci\u00f3n de actividades del grupo de caminatas con la persona voluntaria\",\"datePublished\":\"2025-01-13T09:11:44+00:00\",\"dateModified\":\"2025-01-13T09:12:49+00:00\",\"mainEntityOfPage\":{\"@id\":\"https:\/\/fundaciolar.com\/es\/coleccion-de-actividades-del-grupo-de-caminatas-con-la-persona-voluntaria\/\"},\"wordCount\":1056,\"publisher\":{\"@id\":\"https:\/\/fundaciolar.com\/es\/#organization\"},\"image\":{\"@id\":\"https:\/\/fundaciolar.com\/es\/coleccion-de-actividades-del-grupo-de-caminatas-con-la-persona-voluntaria\/#primaryimage\"},\"thumbnailUrl\":\"https:\/\/fundaciolar.com\/wp-content\/uploads\/2025\/01\/Foto-3.jpg\",\"articleSection\":[\"Noticias\"],\"inLanguage\":\"es\"},{\"@type\":\"WebPage\",\"@id\":\"https:\/\/fundaciolar.com\/es\/coleccion-de-actividades-del-grupo-de-caminatas-con-la-persona-voluntaria\/\",\"url\":\"https:\/\/fundaciolar.com\/es\/coleccion-de-actividades-del-grupo-de-caminatas-con-la-persona-voluntaria\/\",\"name\":\"Colecci\u00f3n de actividades del grupo de caminatas con la persona voluntaria - Fundaci\u00f3 LAR\",\"isPartOf\":{\"@id\":\"https:\/\/fundaciolar.com\/es\/#website\"},\"primaryImageOfPage\":{\"@id\":\"https:\/\/fundaciolar.com\/es\/coleccion-de-actividades-del-grupo-de-caminatas-con-la-persona-voluntaria\/#primaryimage\"},\"image\":{\"@id\":\"https:\/\/fundaciolar.com\/es\/coleccion-de-actividades-del-grupo-de-caminatas-con-la-persona-voluntaria\/#primaryimage\"},\"thumbnailUrl\":\"https:\/\/fundaciolar.com\/wp-content\/uploads\/2025\/01\/Foto-3.jpg\",\"datePublished\":\"2025-01-13T09:11:44+00:00\",\"dateModified\":\"2025-01-13T09:12:49+00:00\",\"breadcrumb\":{\"@id\":\"https:\/\/fundaciolar.com\/es\/coleccion-de-actividades-del-grupo-de-caminatas-con-la-persona-voluntaria\/#breadcrumb\"},\"inLanguage\":\"es\",\"potentialAction\":[{\"@type\":\"ReadAction\",\"target\":[\"https:\/\/fundaciolar.com\/es\/coleccion-de-actividades-del-grupo-de-caminatas-con-la-persona-voluntaria\/\"]}]},{\"@type\":\"ImageObject\",\"inLanguage\":\"es\",\"@id\":\"https:\/\/fundaciolar.com\/es\/coleccion-de-actividades-del-grupo-de-caminatas-con-la-persona-voluntaria\/#primaryimage\",\"url\":\"https:\/\/fundaciolar.com\/wp-content\/uploads\/2025\/01\/Foto-3.jpg\",\"contentUrl\":\"https:\/\/fundaciolar.com\/wp-content\/uploads\/2025\/01\/Foto-3.jpg\",\"width\":1200,\"height\":1200},{\"@type\":\"BreadcrumbList\",\"@id\":\"https:\/\/fundaciolar.com\/es\/coleccion-de-actividades-del-grupo-de-caminatas-con-la-persona-voluntaria\/#breadcrumb\",\"itemListElement\":[{\"@type\":\"ListItem\",\"position\":1,\"name\":\"Portada\",\"item\":\"https:\/\/fundaciolar.com\/es\/\"},{\"@type\":\"ListItem\",\"position\":2,\"name\":\"Colecci\u00f3n de actividades del grupo de caminatas con la persona voluntaria\"}]},{\"@type\":\"WebSite\",\"@id\":\"https:\/\/fundaciolar.com\/es\/#website\",\"url\":\"https:\/\/fundaciolar.com\/es\/\",\"name\":\"Fundaci\u00f3 LAR\",\"description\":\"\",\"publisher\":{\"@id\":\"https:\/\/fundaciolar.com\/es\/#organization\"},\"potentialAction\":[{\"@type\":\"SearchAction\",\"target\":{\"@type\":\"EntryPoint\",\"urlTemplate\":\"https:\/\/fundaciolar.com\/es\/?s={search_term_string}\"},\"query-input\":{\"@type\":\"PropertyValueSpecification\",\"valueRequired\":true,\"valueName\":\"search_term_string\"}}],\"inLanguage\":\"es\"},{\"@type\":\"Organization\",\"@id\":\"https:\/\/fundaciolar.com\/es\/#organization\",\"name\":\"Fundaci\u00f3 LAR\",\"url\":\"https:\/\/fundaciolar.com\/es\/\",\"logo\":{\"@type\":\"ImageObject\",\"inLanguage\":\"es\",\"@id\":\"https:\/\/fundaciolar.com\/es\/#\/schema\/logo\/image\/\",\"url\":\"https:\/\/fundaciolar.com\/wp-content\/uploads\/2024\/03\/logo.jpg\",\"contentUrl\":\"https:\/\/fundaciolar.com\/wp-content\/uploads\/2024\/03\/logo.jpg\",\"width\":218,\"height\":62,\"caption\":\"Fundaci\u00f3 LAR\"},\"image\":{\"@id\":\"https:\/\/fundaciolar.com\/es\/#\/schema\/logo\/image\/\"}},{\"@type\":\"Person\",\"@id\":\"https:\/\/fundaciolar.com\/es\/#\/schema\/person\/39eecc69d6c6f5565ed47ae33f59b1e2\",\"name\":\"ngloba\",\"image\":{\"@type\":\"ImageObject\",\"inLanguage\":\"es\",\"@id\":\"https:\/\/fundaciolar.com\/es\/#\/schema\/person\/image\/\",\"url\":\"https:\/\/secure.gravatar.com\/avatar\/2744b0f4a5978457e85afc49f372fd748a1203f8bf81667cc9a195e4c96d7be4?s=96&d=mm&r=g\",\"contentUrl\":\"https:\/\/secure.gravatar.com\/avatar\/2744b0f4a5978457e85afc49f372fd748a1203f8bf81667cc9a195e4c96d7be4?s=96&d=mm&r=g\",\"caption\":\"ngloba\"},\"sameAs\":[\"https:\/\/fundaciolar.com\"],\"url\":\"https:\/\/fundaciolar.com\/es\/author\/ngloba\/\"}]}<\/script>\n<!-- \/ Yoast SEO plugin. -->","yoast_head_json":{"title":"Colecci\u00f3n de actividades del grupo de caminatas con la persona voluntaria - Fundaci\u00f3 LAR","robots":{"index":"index","follow":"follow","max-snippet":"max-snippet:-1","max-image-preview":"max-image-preview:large","max-video-preview":"max-video-preview:-1"},"canonical":"https:\/\/fundaciolar.com\/es\/coleccion-de-actividades-del-grupo-de-caminatas-con-la-persona-voluntaria\/","og_locale":"es_ES","og_type":"article","og_title":"Colecci\u00f3n de actividades del grupo de caminatas con la persona voluntaria - Fundaci\u00f3 LAR","og_url":"https:\/\/fundaciolar.com\/es\/coleccion-de-actividades-del-grupo-de-caminatas-con-la-persona-voluntaria\/","og_site_name":"Fundaci\u00f3 LAR","article_published_time":"2025-01-13T09:11:44+00:00","article_modified_time":"2025-01-13T09:12:49+00:00","author":"ngloba","twitter_card":"summary_large_image","twitter_misc":{"Escrito por":"ngloba","Tiempo de lectura":"2 minutos"},"schema":{"@context":"https:\/\/schema.org","@graph":[{"@type":"Article","@id":"https:\/\/fundaciolar.com\/es\/coleccion-de-actividades-del-grupo-de-caminatas-con-la-persona-voluntaria\/#article","isPartOf":{"@id":"https:\/\/fundaciolar.com\/es\/coleccion-de-actividades-del-grupo-de-caminatas-con-la-persona-voluntaria\/"},"author":{"name":"ngloba","@id":"https:\/\/fundaciolar.com\/es\/#\/schema\/person\/39eecc69d6c6f5565ed47ae33f59b1e2"},"headline":"Colecci\u00f3n de actividades del grupo de caminatas con la persona voluntaria","datePublished":"2025-01-13T09:11:44+00:00","dateModified":"2025-01-13T09:12:49+00:00","mainEntityOfPage":{"@id":"https:\/\/fundaciolar.com\/es\/coleccion-de-actividades-del-grupo-de-caminatas-con-la-persona-voluntaria\/"},"wordCount":1056,"publisher":{"@id":"https:\/\/fundaciolar.com\/es\/#organization"},"image":{"@id":"https:\/\/fundaciolar.com\/es\/coleccion-de-actividades-del-grupo-de-caminatas-con-la-persona-voluntaria\/#primaryimage"},"thumbnailUrl":"https:\/\/fundaciolar.com\/wp-content\/uploads\/2025\/01\/Foto-3.jpg","articleSection":["Noticias"],"inLanguage":"es"},{"@type":"WebPage","@id":"https:\/\/fundaciolar.com\/es\/coleccion-de-actividades-del-grupo-de-caminatas-con-la-persona-voluntaria\/","url":"https:\/\/fundaciolar.com\/es\/coleccion-de-actividades-del-grupo-de-caminatas-con-la-persona-voluntaria\/","name":"Colecci\u00f3n de actividades del grupo de caminatas con la persona voluntaria - Fundaci\u00f3 LAR","isPartOf":{"@id":"https:\/\/fundaciolar.com\/es\/#website"},"primaryImageOfPage":{"@id":"https:\/\/fundaciolar.com\/es\/coleccion-de-actividades-del-grupo-de-caminatas-con-la-persona-voluntaria\/#primaryimage"},"image":{"@id":"https:\/\/fundaciolar.com\/es\/coleccion-de-actividades-del-grupo-de-caminatas-con-la-persona-voluntaria\/#primaryimage"},"thumbnailUrl":"https:\/\/fundaciolar.com\/wp-content\/uploads\/2025\/01\/Foto-3.jpg","datePublished":"2025-01-13T09:11:44+00:00","dateModified":"2025-01-13T09:12:49+00:00","breadcrumb":{"@id":"https:\/\/fundaciolar.com\/es\/coleccion-de-actividades-del-grupo-de-caminatas-con-la-persona-voluntaria\/#breadcrumb"},"inLanguage":"es","potentialAction":[{"@type":"ReadAction","target":["https:\/\/fundaciolar.com\/es\/coleccion-de-actividades-del-grupo-de-caminatas-con-la-persona-voluntaria\/"]}]},{"@type":"ImageObject","inLanguage":"es","@id":"https:\/\/fundaciolar.com\/es\/coleccion-de-actividades-del-grupo-de-caminatas-con-la-persona-voluntaria\/#primaryimage","url":"https:\/\/fundaciolar.com\/wp-content\/uploads\/2025\/01\/Foto-3.jpg","contentUrl":"https:\/\/fundaciolar.com\/wp-content\/uploads\/2025\/01\/Foto-3.jpg","width":1200,"height":1200},{"@type":"BreadcrumbList","@id":"https:\/\/fundaciolar.com\/es\/coleccion-de-actividades-del-grupo-de-caminatas-con-la-persona-voluntaria\/#breadcrumb","itemListElement":[{"@type":"ListItem","position":1,"name":"Portada","item":"https:\/\/fundaciolar.com\/es\/"},{"@type":"ListItem","position":2,"name":"Colecci\u00f3n de actividades del grupo de caminatas con la persona voluntaria"}]},{"@type":"WebSite","@id":"https:\/\/fundaciolar.com\/es\/#website","url":"https:\/\/fundaciolar.com\/es\/","name":"Fundaci\u00f3 LAR","description":"","publisher":{"@id":"https:\/\/fundaciolar.com\/es\/#organization"},"potentialAction":[{"@type":"SearchAction","target":{"@type":"EntryPoint","urlTemplate":"https:\/\/fundaciolar.com\/es\/?s={search_term_string}"},"query-input":{"@type":"PropertyValueSpecification","valueRequired":true,"valueName":"search_term_string"}}],"inLanguage":"es"},{"@type":"Organization","@id":"https:\/\/fundaciolar.com\/es\/#organization","name":"Fundaci\u00f3 LAR","url":"https:\/\/fundaciolar.com\/es\/","logo":{"@type":"ImageObject","inLanguage":"es","@id":"https:\/\/fundaciolar.com\/es\/#\/schema\/logo\/image\/","url":"https:\/\/fundaciolar.com\/wp-content\/uploads\/2024\/03\/logo.jpg","contentUrl":"https:\/\/fundaciolar.com\/wp-content\/uploads\/2024\/03\/logo.jpg","width":218,"height":62,"caption":"Fundaci\u00f3 LAR"},"image":{"@id":"https:\/\/fundaciolar.com\/es\/#\/schema\/logo\/image\/"}},{"@type":"Person","@id":"https:\/\/fundaciolar.com\/es\/#\/schema\/person\/39eecc69d6c6f5565ed47ae33f59b1e2","name":"ngloba","image":{"@type":"ImageObject","inLanguage":"es","@id":"https:\/\/fundaciolar.com\/es\/#\/schema\/person\/image\/","url":"https:\/\/secure.gravatar.com\/avatar\/2744b0f4a5978457e85afc49f372fd748a1203f8bf81667cc9a195e4c96d7be4?s=96&d=mm&r=g","contentUrl":"https:\/\/secure.gravatar.com\/avatar\/2744b0f4a5978457e85afc49f372fd748a1203f8bf81667cc9a195e4c96d7be4?s=96&d=mm&r=g","caption":"ngloba"},"sameAs":["https:\/\/fundaciolar.com"],"url":"https:\/\/fundaciolar.com\/es\/author\/ngloba\/"}]}},"_links":{"self":[{"href":"https:\/\/fundaciolar.com\/es\/wp-json\/wp\/v2\/posts\/2633","targetHints":{"allow":["GET"]}}],"collection":[{"href":"https:\/\/fundaciolar.com\/es\/wp-json\/wp\/v2\/posts"}],"about":[{"href":"https:\/\/fundaciolar.com\/es\/wp-json\/wp\/v2\/types\/post"}],"author":[{"embeddable":true,"href":"https:\/\/fundaciolar.com\/es\/wp-json\/wp\/v2\/users\/1"}],"replies":[{"embeddable":true,"href":"https:\/\/fundaciolar.com\/es\/wp-json\/wp\/v2\/comments?post=2633"}],"version-history":[{"count":2,"href":"https:\/\/fundaciolar.com\/es\/wp-json\/wp\/v2\/posts\/2633\/revisions"}],"predecessor-version":[{"id":2635,"href":"https:\/\/fundaciolar.com\/es\/wp-json\/wp\/v2\/posts\/2633\/revisions\/2635"}],"wp:featuredmedia":[{"embeddable":true,"href":"https:\/\/fundaciolar.com\/es\/wp-json\/wp\/v2\/media\/2674"}],"wp:attachment":[{"href":"https:\/\/fundaciolar.com\/es\/wp-json\/wp\/v2\/media?parent=2633"}],"wp:term":[{"taxonomy":"category","embeddable":true,"href":"https:\/\/fundaciolar.com\/es\/wp-json\/wp\/v2\/categories?post=2633"},{"taxonomy":"post_tag","embeddable":true,"href":"https:\/\/fundaciolar.com\/es\/wp-json\/wp\/v2\/tags?post=2633"}],"curies":[{"name":"wp","href":"https:\/\/api.w.org\/{rel}","templated":true}]}}